{"id":792,"date":"2021-08-27T16:00:09","date_gmt":"2021-08-27T16:00:09","guid":{"rendered":"http:\/\/matthias-haenisch.de\/?p=792"},"modified":"2023-03-10T01:22:34","modified_gmt":"2023-03-10T01:22:34","slug":"labor-sonor-festival-2021-translating-spaces","status":"publish","type":"post","link":"http:\/\/matthias-haenisch.de\/?p=792","title":{"rendered":"Festival LABOR SONOR : TRANSLATING SPACES | 27 &#8211; 29 August 2021"},"content":{"rendered":"\n<p><strong>How does a space influence our thoughts, actions and experiences? What do places and spaces offer, what do they allow, what do they demand, what do they prevent? How are spaces shaped and altered by what happens in them and with them? The festival LABOR SONOR : TRANSLATING SPACES explores the power of space in contemporary experimental music and sound art.&nbsp;<\/strong><\/p>\n\n\n\n<p><strong>The motto of the festival is: Listen twice! The audience will have the opportunity to experience the same work simultaneously or consecutively in changing situations and spaces. Over three days, nine works by composers and installation artists will be presented at different venues. A symposium accompanies and explores the genesis of the works premiered at the festival \u2013 enabling artists, scholars and audience to enter into direct dialogue.&nbsp;<\/strong><\/p>\n\n\n\n<p class=\"has-text-align-right\"><strong><a href=\"http:\/\/www.laborsonor.de\">www.laborsonor.de<\/a><\/strong><\/p>\n\n\n\n<p><strong>Artists<\/strong><\/p>\n\n\n\n<p><a href=\"http:\/\/laborsonor.de\/translating-spaces\/alex-arteaga\/\" target=\"_blank\" rel=\"noreferrer noopener\">Alex Arteaga<\/a>&nbsp;|&nbsp;<a href=\"http:\/\/laborsonor.de\/translating-spaces\/joanna-bailie\/\" target=\"_blank\" rel=\"noreferrer noopener\">Joanna Bailie<\/a>&nbsp;|&nbsp;<a href=\"http:\/\/laborsonor.de\/translating-spaces\/bauer-czerniawska-khorkhordina\/\" target=\"_blank\" rel=\"noreferrer noopener\">Eric Bauer \/ Lena Czerniawska \/ Carina Khorkhordina<\/a>&nbsp;|&nbsp;<a href=\"http:\/\/laborsonor.de\/translating-spaces\/frank-bretschneider\/\" target=\"_blank\" rel=\"noreferrer noopener\">Frank Bretschneider<\/a>&nbsp;|&nbsp;<a href=\"http:\/\/laborsonor.de\/translating-spaces\/sabine-ercklentz\/\" target=\"_blank\" rel=\"noreferrer noopener\">Sabine Ercklentz<\/a>&nbsp;|&nbsp;<a href=\"http:\/\/laborsonor.de\/translating-spaces\/christian-kesten\/\" target=\"_blank\" rel=\"noreferrer noopener\">Christian Kesten<\/a>&nbsp;|&nbsp;<a href=\"http:\/\/laborsonor.de\/translating-spaces\/nguyen-transitory\/\" target=\"_blank\" rel=\"noreferrer noopener\">Nguy\u1ec5n &amp; Transitory<\/a>|&nbsp;<a href=\"http:\/\/laborsonor.de\/translating-spaces\/utrumque\/\" target=\"_blank\" rel=\"noreferrer noopener\">utrumque (Gerhard Eckel &amp; Ludvig Elblaus)<\/a>&nbsp;|&nbsp;<a href=\"http:\/\/laborsonor.de\/translating-spaces\/raed-yassin\/\" target=\"_blank\" rel=\"noreferrer noopener\">Raed Yassin<\/a><\/p>\n\n\n\n<p><strong>Scholars<\/strong><\/p>\n\n\n\n<p><a href=\"http:\/\/laborsonor.de\/translating-spaces\/translating-spaces-symposium\/\">Matthias Haenisch &amp; Studierende der \/&nbsp;<em>students of<\/em>&nbsp;HU Berlin<\/a>&nbsp;|&nbsp;<a href=\"http:\/\/laborsonor.de\/translating-spaces\/translating-spaces-symposium\/\">Katja Heldt<\/a>&nbsp;|&nbsp;<a href=\"http:\/\/laborsonor.de\/translating-spaces\/translating-spaces-symposium\/\">Mathias Maschat<\/a>&nbsp;|&nbsp;<a href=\"http:\/\/laborsonor.de\/translating-spaces\/translating-spaces-symposium\/\">Sarah Mauksch<\/a>&nbsp;|&nbsp;<a href=\"http:\/\/laborsonor.de\/translating-spaces\/translating-spaces-symposium\/\">Julia H. Schr\u00f6der &amp; Studierende der \/&nbsp;<em>students of<\/em>&nbsp;&nbsp;TU Berlin<\/a><\/p>\n\n\n\n<p><strong>Locations<\/strong><\/p>\n\n\n\n<p>ausland berlin | Ballhaus Ost | Friedhofspark Pappelallee | Sp\u00e4tkauf Pappelallee |&nbsp;St. Elisabeth Kirche | Villa Elisabeth | diverse Orte im \u00f6ffentlichen Raum \/&nbsp;<em>various places in public space<\/em><\/p>\n\n\n\n<p><strong><em>Artistic direction&nbsp;<\/em><\/strong>Matthias Haenisch, Andrea Neumann<br><strong><em>Co-conception&nbsp;<\/em><\/strong>Christian Kesten<br><strong><em>Symposium chair<\/em><\/strong>&nbsp;Matthias Haenisch<\/p>\n\n\n\n<p><em>Funded by Hauptstadtkulturfond<\/em><\/p>\n\n\n\n<p>Sponsors and Partners: <br>ausland berlin, Austrian Science Fund, Ballhaus Ost, Echoo Konferenz Dolmetschen, field notes, K\u00f6niglich-Technische Hochschule Stockholm, Kulturb\u00fcro Elisabeth, Kunstuniversit\u00e4t Graz, Monat der zeitgen\u00f6ssischen Musik, Technische Universit\u00e4t Berlin, Universit\u00e4t der K\u00fcnste \/ Berlin Career College (Sound Studies and Sonic Arts)<\/p>\n\n\n\n<figure class=\"wp-block-image\"><img loading=\"lazy\" decoding=\"async\" width=\"570\" height=\"155\" src=\"http:\/\/matthias-haenisch.de\/wp-content\/uploads\/2021\/06\/Sponsoren-und-Partner-1.jpg\" alt=\"\" class=\"wp-image-849\" srcset=\"http:\/\/matthias-haenisch.de\/wp-content\/uploads\/2021\/06\/Sponsoren-und-Partner-1.jpg 570w, http:\/\/matthias-haenisch.de\/wp-content\/uploads\/2021\/06\/Sponsoren-und-Partner-1-300x82.jpg 300w, http:\/\/matthias-haenisch.de\/wp-content\/uploads\/2021\/06\/Sponsoren-und-Partner-1-400x109.jpg 400w\" sizes=\"(max-width: 570px) 100vw, 570px\" \/><\/figure>\n\n\n\n<p>graphic design: milchhof|atelier, Carsten Stabenow<\/p>\n","protected":false},"excerpt":{"rendered":"<p>How does a space influence our thoughts, actions and experiences? What do places and spaces offer, what do they allow, what do they demand, what [&hellip;]<\/p>\n","protected":false},"author":1,"featured_media":827,"comment_status":"closed","ping_status":"closed","sticky":false,"template":"","format":"standard","meta":{"saved_in_kubio":false,"footnotes":""},"categories":[3],"tags":[],"class_list":["post-792","post","type-post","status-publish","format-standard","has-post-thumbnail","hentry","category-festival"],"_links":{"self":[{"href":"http:\/\/matthias-haenisch.de\/index.php?rest_route=\/wp\/v2\/posts\/792","targetHints":{"allow":["GET"]}}],"collection":[{"href":"http:\/\/matthias-haenisch.de\/index.php?rest_route=\/wp\/v2\/posts"}],"about":[{"href":"http:\/\/matthias-haenisch.de\/index.php?rest_route=\/wp\/v2\/types\/post"}],"author":[{"embeddable":true,"href":"http:\/\/matthias-haenisch.de\/index.php?rest_route=\/wp\/v2\/users\/1"}],"replies":[{"embeddable":true,"href":"http:\/\/matthias-haenisch.de\/index.php?rest_route=%2Fwp%2Fv2%2Fcomments&post=792"}],"version-history":[{"count":26,"href":"http:\/\/matthias-haenisch.de\/index.php?rest_route=\/wp\/v2\/posts\/792\/revisions"}],"predecessor-version":[{"id":919,"href":"http:\/\/matthias-haenisch.de\/index.php?rest_route=\/wp\/v2\/posts\/792\/revisions\/919"}],"wp:featuredmedia":[{"embeddable":true,"href":"http:\/\/matthias-haenisch.de\/index.php?rest_route=\/wp\/v2\/media\/827"}],"wp:attachment":[{"href":"http:\/\/matthias-haenisch.de\/index.php?rest_route=%2Fwp%2Fv2%2Fmedia&parent=792"}],"wp:term":[{"taxonomy":"category","embeddable":true,"href":"http:\/\/matthias-haenisch.de\/index.php?rest_route=%2Fwp%2Fv2%2Fcategories&post=792"},{"taxonomy":"post_tag","embeddable":true,"href":"http:\/\/matthias-haenisch.de\/index.php?rest_route=%2Fwp%2Fv2%2Ftags&post=792"}],"curies":[{"name":"wp","href":"https:\/\/api.w.org\/{rel}","templated":true}]}}