{"id":815,"date":"2021-01-20T21:57:41","date_gmt":"2021-01-20T21:57:41","guid":{"rendered":"http:\/\/matthias-haenisch.de\/?p=815"},"modified":"2021-07-28T08:57:11","modified_gmt":"2021-07-28T08:57:11","slug":"barcamp-on-playing-together-in-times-of-corona","status":"publish","type":"post","link":"http:\/\/matthias-haenisch.de\/?p=815","title":{"rendered":"MusCoDA: Barcamp on making music in bands in times of corona: 10th April 2021"},"content":{"rendered":"\r\n<h1 class=\"wp-block-heading\">\u00a0<\/h1>\r\n\r\n\r\n\r\n<p>BANDS HELFEN BANDS \u2013 BARCAMP<\/p>\r\n\r\n\r\n\r\n<p>Das vom\u00a0<a href=\"https:\/\/www.empirische-bildungsforschung-bmbf.de\/de\/3286.php\">Bundesministerium f\u00fcr Bildung und Forschung<\/a>\u00a0(BMBF)\u00a0 gef\u00f6rderte Forschungsprojekt <strong>MusCoDa<\/strong> erforscht\u00a0kollektive Kreativit\u00e4t in (post-)digitalen Gemeinschaften am Beispiel von Songwriting-Prozessen. MusCoDA ist ein Forschungsverbund der Universit\u00e4t Erfurt und der Fachhochschule Clara Hoffbauer Potsdam. W\u00e4hrend das\u00a0<a href=\"https:\/\/www.uni-erfurt.de\/forschung\/forschen\/forschungsprojekte\/muscoda\">Erfurter Teilprojekt<\/a>\u00a0Songwriting an Schulen in den Blick nimmt, stehen professionelle, semi-professionelle und Amateur-Bands im Fokus der Potsdamer Teilprojekts.\u00a0<a href=\"https:\/\/www.fhchp.de\/prof-dr-marc-godau\/muscoda-musical-communities-in-the-postdigital-age\/\">\u2013&gt; read more<\/a><\/p>\r\n\r\n\r\n\r\n<p>Aktuell organisiert <strong>MusCoDA<\/strong> drei Barcamps, um mit Szeneakteur*innen ins Gespr\u00e4ch zu kommen und die Vernetzung von Musiker*innen zu f\u00f6rdern.<\/p>\r\n\r\n\r\n\r\n<p>\u00bbBands helfen Bands \u2013 Innovationen in Zeiten der Pandemie\u00ab Online-Barcamp am 10. April 2021 11-17 Uhr<\/p>\r\n\r\n\r\n\r\n<h3 class=\"wp-block-heading\">Wave after wave, I\u2019m slowly drifting \u2026<\/h3>\r\n\r\n\r\n\r\n<p>Ein Jahr Corona. Keine Konzerte, keine Festivals, keine Jam-Sessions, keine Proben. Streaming, Latenz, Video-Konferenzen: Wie machen wir jetzt Musik? Wann geht\u2019s kUNSt wieder besser? Welche L\u00f6sungen gibt`s? Konzentriert ihr euch aufs Musikmachen allein? Setzt ihr alles auf Pause? Austausch ist n\u00f6tig. Innovationen sind gefragt.<\/p>\r\n\r\n\r\n\r\n<h3 class=\"wp-block-heading\">Bands helfen Bands.<\/h3>\r\n\r\n\r\n\r\n<p>Ihr seid eine Band und habt Themen, Fragen, Ideen, die ihr besprechen oder weitergeben wollt? Ihr sucht den Austausch, wollt neue Kontakte kn\u00fcpfen oder eure Erfahrungen weitergeben?<\/p>\r\n\r\n\r\n\r\n<p>\u00dcber solche Fragen wollen wir gemeinsam im digitalen BarCamp \u00bbBands helfen Bands \u2013 Innovationen in Zeiten der Pandemie\u00ab am\u00a0<strong>10.04.2021 (11-17 Uhr)<\/strong>\u00a0diskutieren. Der genaue Ablauf und die Inhalte dieser \u201cMitmachkonferenz\u201d werden am Anfang des Tages festgelegt: Ihr entscheidet, wor\u00fcber ihr redet, und tauscht euch mit anderen Bands und K\u00fcnstler*innen \u00fcber aktuelle, dringende Themen aus. Wie und wo sollen wir jetzt proben? Welche Alternativen zum Live-Konzert nutzen wir? Wo kommt das Geld her? Was machen wir, wenn es weiterhin so bleibt wie jetzt? Welche neuen L\u00f6sungen finden wir und was wird davon bleiben? Sind wir auf die dritte Welle vorbereitet? \u00dcberlegt euch, wor\u00fcber ihr sprechen wollt und schlagt das als Thema f\u00fcr eine Session vor! Eure Sessions k\u00f6nnt ihr mit einem kurzen Vortrag einf\u00fchren oder direkt als Diskussionsrunde, Brainstorming oder Workshop zum Thema gestalten.<\/p>\r\n\r\n\r\n\r\n<h3 class=\"wp-block-heading\">Kommt einfach dazu<\/h3>\r\n\r\n\r\n\r\n<p>Die Teilnahme ist kostenfrei. Anmeldung ist nicht n\u00f6tig.<\/p>\r\n\r\n\r\n\r\n<blockquote class=\"wp-block-quote is-layout-flow wp-block-quote-is-layout-flow\">\r\n<p>Thema: \u00bbBands helfen Bands\u00ab \u2013 BarCamp<\/p>\r\n<p>10.04.2021 (11-17 Uhr)<\/p>\r\n<p>Zoom-Link\u00a0<a href=\"https:\/\/us02web.zoom.us\/j\/83037210259\">https:\/\/us02web.zoom.us\/j\/83037210259<\/a><\/p>\r\n<p>Meeting-ID: 830 3721 0259<\/p>\r\n<\/blockquote>\r\n\r\n\r\n\r\n<p>Ihr k\u00f6nnt kommen, mitmachen, gehen, wiederkommen und mitnehmen, wann und was ihr wollt<\/p>\r\n\r\n\r\n\r\n<p>#ohnekunstwirdsstill #alarmstuferot #bands #barcamp #muscoda<\/p>\r\n\r\n\r\n\r\n<p>Kontakt:\u00a0<a href=\"mailto:j.barreiro@fhchp.de\">j.barreiro@fhchp.de<\/a><\/p>\r\n\r\n\r\n\r\n<p>Photo: Kai Deparade<\/p>\r\n","protected":false},"excerpt":{"rendered":"<p>\u00a0 BANDS HELFEN BANDS \u2013 BARCAMP Das vom\u00a0Bundesministerium f\u00fcr Bildung und Forschung\u00a0(BMBF)\u00a0 gef\u00f6rderte Forschungsprojekt MusCoDa erforscht\u00a0kollektive Kreativit\u00e4t in (post-)digitalen Gemeinschaften am Beispiel von Songwriting-Prozessen. MusCoDA [&hellip;]<\/p>\n","protected":false},"author":1,"featured_media":818,"comment_status":"closed","ping_status":"closed","sticky":false,"template":"","format":"standard","meta":{"saved_in_kubio":false,"footnotes":""},"categories":[46],"tags":[],"class_list":["post-815","post","type-post","status-publish","format-standard","has-post-thumbnail","hentry","category-workshop"],"_links":{"self":[{"href":"http:\/\/matthias-haenisch.de\/index.php?rest_route=\/wp\/v2\/posts\/815","targetHints":{"allow":["GET"]}}],"collection":[{"href":"http:\/\/matthias-haenisch.de\/index.php?rest_route=\/wp\/v2\/posts"}],"about":[{"href":"http:\/\/matthias-haenisch.de\/index.php?rest_route=\/wp\/v2\/types\/post"}],"author":[{"embeddable":true,"href":"http:\/\/matthias-haenisch.de\/index.php?rest_route=\/wp\/v2\/users\/1"}],"replies":[{"embeddable":true,"href":"http:\/\/matthias-haenisch.de\/index.php?rest_route=%2Fwp%2Fv2%2Fcomments&post=815"}],"version-history":[{"count":8,"href":"http:\/\/matthias-haenisch.de\/index.php?rest_route=\/wp\/v2\/posts\/815\/revisions"}],"predecessor-version":[{"id":937,"href":"http:\/\/matthias-haenisch.de\/index.php?rest_route=\/wp\/v2\/posts\/815\/revisions\/937"}],"wp:featuredmedia":[{"embeddable":true,"href":"http:\/\/matthias-haenisch.de\/index.php?rest_route=\/wp\/v2\/media\/818"}],"wp:attachment":[{"href":"http:\/\/matthias-haenisch.de\/index.php?rest_route=%2Fwp%2Fv2%2Fmedia&parent=815"}],"wp:term":[{"taxonomy":"category","embeddable":true,"href":"http:\/\/matthias-haenisch.de\/index.php?rest_route=%2Fwp%2Fv2%2Fcategories&post=815"},{"taxonomy":"post_tag","embeddable":true,"href":"http:\/\/matthias-haenisch.de\/index.php?rest_route=%2Fwp%2Fv2%2Ftags&post=815"}],"curies":[{"name":"wp","href":"https:\/\/api.w.org\/{rel}","templated":true}]}}